{"id":345,"date":"2018-06-25T23:13:11","date_gmt":"2018-06-25T21:13:11","guid":{"rendered":"http:\/\/philippestierlin.com\/?p=345"},"modified":"2018-11-12T16:18:15","modified_gmt":"2018-11-12T15:18:15","slug":"comment-commander","status":"publish","type":"post","link":"https:\/\/philippestierlin.com\/index.php\/2018\/06\/25\/comment-commander\/","title":{"rendered":"Comment commander ?"},"content":{"rendered":"<p><span style=\"color: #7d0f0f;\"><strong>On peut se procurer Les Morts sont sans D\u00e9fense :<\/strong><\/span><\/p>\n<ul>\n<li>aupr\u00e8s de l&rsquo;\u00e9diteur Arcane 17<\/li>\n<\/ul>\n<p><span style=\"color: #800080;\"><strong>ici\u00a0\u2192\u00a0<span style=\"color: #800080;\"><a style=\"color: #800080;\" href=\"https:\/\/www.editions-arcane17.net\/fr\/livres\/les-morts-sont-sans-defense\">https:\/\/www.editions-arcane17.net\/fr\/livres\/les-morts-sont-sans-defense<\/a><\/span><\/strong><\/span><\/p>\n<ul>\n<li>dans toute la France aupr\u00e8s de votre libraire et notamment ceux dans la liste ci-dessous<\/li>\n<\/ul>\n<p><span style=\"color: #800080;\"><strong>ici\u00a0\u2192<span style=\"color: #800080;\">\u00a0<\/span><\/strong><strong><a style=\"color: #800080;\" href=\"https:\/\/www.leslibraires.fr\/offres\/13193093\">https:\/\/www.leslibraires.fr\/offres\/13193093<\/a><\/strong><\/span><\/p>\n<ul>\n<li>sur le site Internet de la FNAC<\/li>\n<\/ul>\n<p><span style=\"color: #800080;\"><strong>ici\u00a0\u2192\u00a0<span style=\"color: #800080;\"><a style=\"color: #800080;\" href=\"https:\/\/livre.fnac.com\/a11134993\/Philippe-Stierlin-Les-morts-sont-sans-defense\">https:\/\/livre.fnac.com\/a11134993\/Philippe-Stierlin-Les-morts-sont-sans-defense<\/a><\/span><\/strong><\/span><\/p>\n","protected":false},"excerpt":{"rendered":"<p>On peut se procurer Les Morts sont sans D\u00e9fense : aupr\u00e8s de l&rsquo;\u00e9diteur Arcane 17 ici\u00a0\u2192\u00a0https:\/\/www.editions-arcane17.net\/fr\/livres\/les-morts-sont-sans-defense dans toute la France aupr\u00e8s de votre libraire et notamment ceux dans la liste ci-dessous ici\u00a0\u2192\u00a0https:\/\/www.leslibraires.fr\/offres\/13193093 sur le site Internet de la FNAC ici\u00a0\u2192\u00a0https:\/\/livre.fnac.com\/a11134993\/Philippe-Stierlin-Les-morts-sont-sans-defense<\/p>\n","protected":false},"author":2,"featured_media":352,"comment_status":"closed","ping_status":"open","sticky":false,"template":"","format":"standard","meta":[],"categories":[15],"tags":[],"_links":{"self":[{"href":"https:\/\/philippestierlin.com\/index.php\/wp-json\/wp\/v2\/posts\/345"}],"collection":[{"href":"https:\/\/philippestierlin.com\/index.php\/wp-json\/wp\/v2\/posts"}],"about":[{"href":"https:\/\/philippestierlin.com\/index.php\/wp-json\/wp\/v2\/types\/post"}],"author":[{"embeddable":true,"href":"https:\/\/philippestierlin.com\/index.php\/wp-json\/wp\/v2\/users\/2"}],"replies":[{"embeddable":true,"href":"https:\/\/philippestierlin.com\/index.php\/wp-json\/wp\/v2\/comments?post=345"}],"version-history":[{"count":7,"href":"https:\/\/philippestierlin.com\/index.php\/wp-json\/wp\/v2\/posts\/345\/revisions"}],"predecessor-version":[{"id":734,"href":"https:\/\/philippestierlin.com\/index.php\/wp-json\/wp\/v2\/posts\/345\/revisions\/734"}],"wp:featuredmedia":[{"embeddable":true,"href":"https:\/\/philippestierlin.com\/index.php\/wp-json\/wp\/v2\/media\/352"}],"wp:attachment":[{"href":"https:\/\/philippestierlin.com\/index.php\/wp-json\/wp\/v2\/media?parent=345"}],"wp:term":[{"taxonomy":"category","embeddable":true,"href":"https:\/\/philippestierlin.com\/index.php\/wp-json\/wp\/v2\/categories?post=345"},{"taxonomy":"post_tag","embeddable":true,"href":"https:\/\/philippestierlin.com\/index.php\/wp-json\/wp\/v2\/tags?post=345"}],"curies":[{"name":"wp","href":"https:\/\/api.w.org\/{rel}","templated":true}]}}