{"id":77,"date":"2018-04-09T16:25:31","date_gmt":"2018-04-09T14:25:31","guid":{"rendered":"http:\/\/philippestierlin.com\/?p=77"},"modified":"2018-04-19T18:49:43","modified_gmt":"2018-04-19T16:49:43","slug":"soiree-signature-cafe-du-progres-paris-3eme-26-fev-2018","status":"publish","type":"post","link":"https:\/\/philippestierlin.com\/index.php\/2018\/04\/09\/soiree-signature-cafe-du-progres-paris-3eme-26-fev-2018\/","title":{"rendered":"Soir\u00e9e signature &#8211; Caf\u00e9 du Progr\u00e8s &#8211; Paris 3eme &#8211; 26 f\u00e9v. 2018"},"content":{"rendered":"<p>Lundi 26 f\u00e9vrier, avait lieu au Caf\u00e9 du Progr\u00e8s \u00e0 Paris, une soir\u00e9e\u00a0signature<br \/>\nde lancement du livre de Philippe Stierlin. De nombreux ami-e-s<br \/>\nde l\u2019auteur et de l\u2019\u00e9diteur, ainsi que des journalistes et des syndicalistes<br \/>\n\u00e9taient pr\u00e9sents. Le froid n\u2019\u00e9tait pas de la partie\u2026 On notait aussi la<br \/>\npr\u00e9sence de Fran\u00e7ois Salvaing, ancien laur\u00e9at du Prix du Livre Inter, et de<br \/>\nVal\u00e9rie de Saint-Do dont les romans paraitront dans les prochains mois<br \/>\nchez Arcane 17, une maison anim\u00e9e par Marie-Pierre Vieu et G\u00e9rald Briant.<\/p>\n<p><span style=\"color: #993366;\">cliquez ici\u00a0\u2192 <a style=\"color: #993366;\" href=\"http:\/\/philippestierlin.com\/wp-content\/uploads\/2018\/04\/Invitation-26-f\u00e9vrier-2018-Le-Progr\u00e8s.pdf\">Invitation 26 f\u00e9vrier 2018 Le Progr\u00e8s<\/a><\/span><\/p>\n","protected":false},"excerpt":{"rendered":"<p>Lundi 26 f\u00e9vrier, avait lieu au Caf\u00e9 du Progr\u00e8s \u00e0 Paris, une soir\u00e9e\u00a0signature de lancement du livre de Philippe Stierlin. De nombreux ami-e-s de l\u2019auteur et de l\u2019\u00e9diteur, ainsi que des journalistes et des syndicalistes \u00e9taient pr\u00e9sents. Le froid n\u2019\u00e9tait pas de la partie\u2026 On notait aussi la pr\u00e9sence de Fran\u00e7ois Salvaing, ancien laur\u00e9at du Prix du Livre Inter, et de Val\u00e9rie de Saint-Do dont les romans paraitront dans les prochains mois chez Arcane 17, une maison anim\u00e9e par Marie-Pierre Vieu et G\u00e9rald Briant. cliquez ici\u00a0\u2192 Invitation 26 f\u00e9vrier 2018 Le Progr\u00e8s<\/p>\n","protected":false},"author":2,"featured_media":75,"comment_status":"closed","ping_status":"open","sticky":false,"template":"","format":"image","meta":[],"categories":[10],"tags":[],"_links":{"self":[{"href":"https:\/\/philippestierlin.com\/index.php\/wp-json\/wp\/v2\/posts\/77"}],"collection":[{"href":"https:\/\/philippestierlin.com\/index.php\/wp-json\/wp\/v2\/posts"}],"about":[{"href":"https:\/\/philippestierlin.com\/index.php\/wp-json\/wp\/v2\/types\/post"}],"author":[{"embeddable":true,"href":"https:\/\/philippestierlin.com\/index.php\/wp-json\/wp\/v2\/users\/2"}],"replies":[{"embeddable":true,"href":"https:\/\/philippestierlin.com\/index.php\/wp-json\/wp\/v2\/comments?post=77"}],"version-history":[{"count":5,"href":"https:\/\/philippestierlin.com\/index.php\/wp-json\/wp\/v2\/posts\/77\/revisions"}],"predecessor-version":[{"id":172,"href":"https:\/\/philippestierlin.com\/index.php\/wp-json\/wp\/v2\/posts\/77\/revisions\/172"}],"wp:featuredmedia":[{"embeddable":true,"href":"https:\/\/philippestierlin.com\/index.php\/wp-json\/wp\/v2\/media\/75"}],"wp:attachment":[{"href":"https:\/\/philippestierlin.com\/index.php\/wp-json\/wp\/v2\/media?parent=77"}],"wp:term":[{"taxonomy":"category","embeddable":true,"href":"https:\/\/philippestierlin.com\/index.php\/wp-json\/wp\/v2\/categories?post=77"},{"taxonomy":"post_tag","embeddable":true,"href":"https:\/\/philippestierlin.com\/index.php\/wp-json\/wp\/v2\/tags?post=77"}],"curies":[{"name":"wp","href":"https:\/\/api.w.org\/{rel}","templated":true}]}}